{"id":673,"date":"2008-10-26T15:02:19","date_gmt":"2008-10-26T14:02:19","guid":{"rendered":"http:\/\/fondazionedinozoli.com\/mario-schifano-fine-delle-trasmissioni\/"},"modified":"2019-09-17T18:02:14","modified_gmt":"2019-09-17T16:02:14","slug":"mario-schifano-fine-delle-trasmissioni","status":"publish","type":"post","link":"https:\/\/fondazionedinozoli.com\/en\/mario-schifano-fine-delle-trasmissioni\/","title":{"rendered":"Mario Schifano &#8211; Fine delle trasmissioni"},"content":{"rendered":"<p class=\"p1\">Da Domenica 26 ottobre 2008 a Domenica 18 gennaio 2009<\/p>\n<p class=\"p1\">A cura di Marco Meneguzzo<\/p>\n<p class=\"p2\"><span class=\"s1\">Forl\u00ec, 23 ottobre 2008 <\/span>\u2013 Anni Settanta. Sbarca, anche in Italia, la televisione a colori. Mario Schifano ne \u00e8 subito suggestionato: l\u2019artista romano riversa su tela le immagini del tubo catodico, realizza film sperimentali, mescola new media e pittura, avviando un percorso artistico, durato oltre vent\u2019anni, che vedr\u00e0 nello strumento mediatico una grande musa ispiratrice.<br \/>\nIn linea con i temi e le suggestioni del Futurismo, che hanno caratterizzato la prima grande mostra del museo forlivese, con il<span class=\"Apple-converted-space\">\u00a0 <\/span>secondo evento espositivo la<span class=\"Apple-converted-space\">\u00a0 <\/span>Fondazione Dino Zoli Arte Contemporanea, celebra uno degli artisti contemporanei italiani pi\u00f9 completi, discussi, originali, maledetti e geniali dell\u2019arte contemporanea italiana:<span class=\"Apple-converted-space\">\u00a0 <\/span>Mario Schifano. Il collegamento alla poetica del Futurismo con Schifano non si realizza nei riferimenti stilistici o cromatici, bens\u00ec nell\u2019attenzione a quel modernismo, a quella velocit\u00e0 e a quelle menti anticipatrici di artisti che hanno aperto la strada a buona parte delle Neoavanguardie.<br \/>\nIntitolata<span class=\"Apple-converted-space\">\u00a0&#8220;<\/span>Mario Schifano. Fine delle trasmissioni&#8221; e curata da Marco Meneguzzo, la mostra affronta il lavoro dell\u2019artista mettendo a fuoco quella stagione creativa di incontro tra arte e piccolo schermo. L\u2019esposizione, che sar\u00e0 aperta al pubblico da domenica 26 ottobre 2008 a domenica 18 gennaio 2009, \u00e8 realizzata in collaborazione con l\u2019Archivio Mario Schifano, e ha ottenuto il patrocinio della<span class=\"Apple-converted-space\">\u00a0 <\/span>Regione Emilia Romagna, della<span class=\"Apple-converted-space\">\u00a0 <\/span>Provincia di Forl\u00ec &#8211; Cesena e del<span class=\"Apple-converted-space\">\u00a0<\/span>Comune di Forl\u00ec.<\/p>\n<p class=\"p2\"><img decoding=\"async\" class=\"alignnone size-full wp-image-202\" src=\"http:\/\/fondazionedinozoli.com\/wp-content\/uploads\/2016\/12\/mostra-schifano.jpg\" alt=\"\" width=\"1417\" height=\"943\" srcset=\"https:\/\/fondazionedinozoli.com\/wp-content\/uploads\/2016\/12\/mostra-schifano.jpg 1417w, https:\/\/fondazionedinozoli.com\/wp-content\/uploads\/2016\/12\/mostra-schifano-300x200.jpg 300w, https:\/\/fondazionedinozoli.com\/wp-content\/uploads\/2016\/12\/mostra-schifano-768x511.jpg 768w, https:\/\/fondazionedinozoli.com\/wp-content\/uploads\/2016\/12\/mostra-schifano-1024x681.jpg 1024w, https:\/\/fondazionedinozoli.com\/wp-content\/uploads\/2016\/12\/mostra-schifano-640x426.jpg 640w, https:\/\/fondazionedinozoli.com\/wp-content\/uploads\/2016\/12\/mostra-schifano-1200x799.jpg 1200w\" sizes=\"(max-width: 639px) 98vw, (max-width: 1199px) 64vw, 770px\" \/><\/p>\n<p class=\"p2\">Con una selezione di<span class=\"Apple-converted-space\">\u00a0 <\/span>cento opere, quasi tutte dedicate alla televisione, la mostra si concentra proprio su questo aspetto singolare dell\u2019attivit\u00e0 dell\u2019artista, che assume una valenza metaforica nei confronti dell\u2019arte di quel momento, proponendo la assoluta non-referenzialit\u00e0 dell\u2019immagine: una forma d\u2019arte che filtra e rende inoffensivo un mondo sempre pi\u00f9 violato dai mezzi di comunicazione di massa. Quelle di Schifano sembrano premesse di ci\u00f2 che, nei decenni successivi, sarebbe stato esasperato da una societ\u00e0 dei consumi sempre pi\u00f9 onnivora e superficiale. Nel 1965, l\u2019artista romano, dopo aver conquistato la Biennale di Venezia l\u2019anno precedente, rende omaggio al Futurismo italiano e, allo stesso tempo, al mondo dell\u2019infanzia: due differenti ritorni al passato non intesi come passive citazioni, bens\u00ec come annunci di una cultura postmoderna.<\/p>\n<p class=\"p2\">La parte pi\u00f9 significativa dell\u2019esposizione \u00e8 costituita dai cosiddetti<span class=\"Apple-converted-space\">\u00a0 <\/span>Paesaggi Tv nei quali Schifano, partendo da un\u2019immagine transitata sul televisore, poi fotografata e riportata su tela, termina il lavoro ritoccandola a mano con smalti colorati. Un\u2019ampia serie di lavori realizzati tra la fine degli anni Sessanta e la met\u00e0 degli anni Settanta, appartenenti proprio ai cicli \u201cTelevisori\u201d e \u201cInventario\u201d, con un repertorio che va dalle immagini \u00abclassiche\u00bb della Tv \u2013 la \u00abfine delle trasmissioni\u00bb, l\u2019\u00abora esatta\u00bb, le immagini dei Tg dalle citt\u00e0 del mondo \u2013 a quelle di un periodo successivo, nella seconda met\u00e0 del decennio, in cui l\u2019artista utilizza lo stesso schema per rivisitare tanto l\u2019opera di altri artisti &#8211; in particolare De Chirico \u2013 quanto il proprio repertorio visivo. Completano l\u2019esposizione una serie di video e di fotografie di Schifano. Le opere in mostra provengono da importanti istituzioni, tra cui l\u2019 Archivio Mario Schifano e la Fondazione Marconi, istituzioni che oltre a una conoscenza documentaria dell\u2019artista detengono alcune delle opere pi\u00f9 importanti del periodo in questione. Completano l\u2019esposizione prestiti provenienti da collezioni pubbliche e private, come ed il<span class=\"Apple-converted-space\">\u00a0 <\/span>CSAC di Parma, la<span class=\"Apple-converted-space\">\u00a0 <\/span>Fondazione Farmafactory, la<span class=\"Apple-converted-space\">\u00a0 <\/span>collezione Ferretti-Mazzoli e la<span class=\"Apple-converted-space\">\u00a0 <\/span>Galleria San Gallo Art Station. La mostra \u00e8 corredata da<span class=\"Apple-converted-space\">\u00a0 <\/span>catalogo, edito da Carlo Cambi Editore, con testi di Marco Meneguzzo, Maurizio Vanni e Arturo Carlo Quintavalle. Con questa esposizione la Fondazione Dino Zoli Arte Contemporanea, diretta da Maurizio Vanni, prosegue il percorso intrapreso con la prima mostra \u201cBaldessari e Depero. Futurismi a confronto\u201d e che culminer\u00e0 con la terza esposizione dedicata al<span class=\"Apple-converted-space\">\u00a0 <\/span>Gruppo Forma 1 e a Gruppo Origine. A partire dal movimento futurista, la programmazione culturale della Fondazione \u00e8 pensata per offrire un\u2019indagine utile a comprendere l\u2019importanza di uno dei principali movimenti della storia dell\u2019arte \u2013 il Futurismo \u2013 e le reazioni successive alle sue imprevedibili sollecitazioni attraverso importanti incursioni nella storia dell\u2019arte italiana.<\/p>\n<p class=\"p2\">Anche in occasione di questa seconda esposizione proseguiranno le attivit\u00e0 collaterali, dedicate al tema della mostra: dai laboratori didattici per i pi\u00f9 piccoli agli incontri e ai concerti aperti al pubblico. In occasione della mostra \u201cMario Schifano. Fine delle Trasmissioni\u201d, la Fondazione Dino Zoli Arte Contemporanea ha avviato una<span class=\"Apple-converted-space\">\u00a0<\/span><strong>partnership<\/strong> con BNL relativa all\u2019<strong>organizzazione benefica TELETHON<\/strong>, attiva tutto l\u2019anno per la raccolta fondi in grado di finanziare progetti di ricerca sulla distrofia muscolare e sulle malattie genetiche. La Fondazione devolver\u00e0 1 euro per ogni biglietto della mostra venduto e verser\u00e0 a Telethon l\u2019incasso proveniente dalle manifestazioni collaterali ad essa dedicate (concerti o conferenze).<\/p>\n<p class=\"p2\">Inoltre, tutti i visitatori che si presenteranno muniti di una ricevuta di versamento in favore di Telethon avranno diritto all\u2019ingresso con biglietto ridotto ed il 10% di sconto sul prezzo di copertina del catalogo. Altre iniziative saranno collegate ad un\u2019asta di beneficienza e alla vendita di alcuni volumi della mostra personalizzati dagli autori. Obiettivo della Fondazione \u00e8 di consolidarsi nel ruolo di istituzione culturale eclettica e versatile rivolta a costruire, attraverso sollecitazioni diverse, un dialogo continuo col pubblico e il territorio. Un \u00abcrocevia del bello\u00bb, dove far convergere nuove idee. Un vero e proprio<span class=\"Apple-converted-space\">\u00a0<\/span><strong>museo dinamico<\/strong>, per coinvolgere visitatori eterogenei con un ampio ventaglio di proposte: dall\u2019arte alla musica, dalla lettura all\u2019intrattenimento.<\/p>\n<p class=\"p2\"><img decoding=\"async\" class=\"alignnone size-full wp-image-205\" src=\"http:\/\/fondazionedinozoli.com\/wp-content\/uploads\/2016\/12\/manifesto-mario-schifano.png\" alt=\"\" width=\"875\" height=\"1265\" \/><\/p>\n","protected":false},"excerpt":{"rendered":"<p>Da Domenica 26 ottobre 2008 a Domenica 18 gennaio 2009 A cura di Marco Meneguzzo Forl\u00ec, 23 ottobre 2008 \u2013 Anni Settanta. Sbarca, anche in Italia, la televisione a colori. Mario Schifano ne \u00e8 subito suggestionato: l\u2019artista romano riversa su tela le immagini del tubo catodico, realizza film sperimentali, mescola new media e pittura, avviando [&hellip;]<\/p>\n","protected":false},"author":5,"featured_media":199,"comment_status":"closed","ping_status":"closed","sticky":false,"template":"","format":"standard","meta":{"_acf_changed":false,"footnotes":""},"categories":[65,66],"tags":[],"class_list":["post-673","post","type-post","status-publish","format-standard","has-post-thumbnail","hentry","category-mostre-e-eventi-en","category-news-en"],"acf":[],"yoast_head":"<!-- This site is optimized with the Yoast SEO plugin v27.0 - https:\/\/yoast.com\/product\/yoast-seo-wordpress\/ -->\n<title>Mario Schifano - Fine delle trasmissioni - Fondazione Dino Zoli<\/title>\n<meta name=\"robots\" content=\"index, follow, max-snippet:-1, max-image-preview:large, max-video-preview:-1\" \/>\n<link rel=\"canonical\" href=\"https:\/\/fondazionedinozoli.com\/en\/mario-schifano-fine-delle-trasmissioni\/\" \/>\n<meta property=\"og:locale\" content=\"en_US\" \/>\n<meta property=\"og:type\" content=\"article\" \/>\n<meta property=\"og:title\" content=\"Mario Schifano - Fine delle trasmissioni - Fondazione Dino Zoli\" \/>\n<meta property=\"og:description\" content=\"Da Domenica 26 ottobre 2008 a Domenica 18 gennaio 2009 A cura di Marco Meneguzzo Forl\u00ec, 23 ottobre 2008 \u2013 Anni Settanta. Sbarca, anche in Italia, la televisione a colori. Mario Schifano ne \u00e8 subito suggestionato: l\u2019artista romano riversa su tela le immagini del tubo catodico, realizza film sperimentali, mescola new media e pittura, avviando [&hellip;]\" \/>\n<meta property=\"og:url\" content=\"https:\/\/fondazionedinozoli.com\/en\/mario-schifano-fine-delle-trasmissioni\/\" \/>\n<meta property=\"og:site_name\" content=\"Fondazione Dino Zoli\" \/>\n<meta property=\"article:publisher\" content=\"https:\/\/www.facebook.com\/fondazionedinozoli\" \/>\n<meta property=\"article:published_time\" content=\"2008-10-26T14:02:19+00:00\" \/>\n<meta property=\"article:modified_time\" content=\"2019-09-17T16:02:14+00:00\" \/>\n<meta property=\"og:image\" content=\"https:\/\/fondazionedinozoli.com\/wp-content\/uploads\/2016\/12\/mario-schifano.jpg\" \/>\n\t<meta property=\"og:image:width\" content=\"532\" \/>\n\t<meta property=\"og:image:height\" content=\"404\" \/>\n\t<meta property=\"og:image:type\" content=\"image\/jpeg\" \/>\n<meta name=\"author\" content=\"hi-net\" \/>\n<meta name=\"twitter:card\" content=\"summary_large_image\" \/>\n<meta name=\"twitter:creator\" content=\"@fondazionedz\" \/>\n<meta name=\"twitter:site\" content=\"@fondazionedz\" \/>\n<meta name=\"twitter:label1\" content=\"Written by\" \/>\n\t<meta name=\"twitter:data1\" content=\"hi-net\" \/>\n\t<meta name=\"twitter:label2\" content=\"Est. reading time\" \/>\n\t<meta name=\"twitter:data2\" content=\"4 minutes\" \/>\n<script type=\"application\/ld+json\" class=\"yoast-schema-graph\">{\"@context\":\"https:\/\/schema.org\",\"@graph\":[{\"@type\":\"Article\",\"@id\":\"https:\/\/fondazionedinozoli.com\/en\/mario-schifano-fine-delle-trasmissioni\/#article\",\"isPartOf\":{\"@id\":\"https:\/\/fondazionedinozoli.com\/en\/mario-schifano-fine-delle-trasmissioni\/\"},\"author\":{\"name\":\"hi-net\",\"@id\":\"https:\/\/fondazionedinozoli.com\/#\/schema\/person\/4b3e06ba156c3321136f0bcfdc24b25b\"},\"headline\":\"Mario Schifano &#8211; Fine delle trasmissioni\",\"datePublished\":\"2008-10-26T14:02:19+00:00\",\"dateModified\":\"2019-09-17T16:02:14+00:00\",\"mainEntityOfPage\":{\"@id\":\"https:\/\/fondazionedinozoli.com\/en\/mario-schifano-fine-delle-trasmissioni\/\"},\"wordCount\":894,\"image\":{\"@id\":\"https:\/\/fondazionedinozoli.com\/en\/mario-schifano-fine-delle-trasmissioni\/#primaryimage\"},\"thumbnailUrl\":\"https:\/\/fondazionedinozoli.com\/wp-content\/uploads\/2016\/12\/mario-schifano.jpg\",\"articleSection\":[\"Events and Exhibitions\",\"News\"],\"inLanguage\":\"en-US\"},{\"@type\":\"WebPage\",\"@id\":\"https:\/\/fondazionedinozoli.com\/en\/mario-schifano-fine-delle-trasmissioni\/\",\"url\":\"https:\/\/fondazionedinozoli.com\/en\/mario-schifano-fine-delle-trasmissioni\/\",\"name\":\"Mario Schifano - Fine delle trasmissioni - Fondazione Dino Zoli\",\"isPartOf\":{\"@id\":\"https:\/\/fondazionedinozoli.com\/#website\"},\"primaryImageOfPage\":{\"@id\":\"https:\/\/fondazionedinozoli.com\/en\/mario-schifano-fine-delle-trasmissioni\/#primaryimage\"},\"image\":{\"@id\":\"https:\/\/fondazionedinozoli.com\/en\/mario-schifano-fine-delle-trasmissioni\/#primaryimage\"},\"thumbnailUrl\":\"https:\/\/fondazionedinozoli.com\/wp-content\/uploads\/2016\/12\/mario-schifano.jpg\",\"datePublished\":\"2008-10-26T14:02:19+00:00\",\"dateModified\":\"2019-09-17T16:02:14+00:00\",\"author\":{\"@id\":\"https:\/\/fondazionedinozoli.com\/#\/schema\/person\/4b3e06ba156c3321136f0bcfdc24b25b\"},\"breadcrumb\":{\"@id\":\"https:\/\/fondazionedinozoli.com\/en\/mario-schifano-fine-delle-trasmissioni\/#breadcrumb\"},\"inLanguage\":\"en-US\",\"potentialAction\":[{\"@type\":\"ReadAction\",\"target\":[\"https:\/\/fondazionedinozoli.com\/en\/mario-schifano-fine-delle-trasmissioni\/\"]}]},{\"@type\":\"ImageObject\",\"inLanguage\":\"en-US\",\"@id\":\"https:\/\/fondazionedinozoli.com\/en\/mario-schifano-fine-delle-trasmissioni\/#primaryimage\",\"url\":\"https:\/\/fondazionedinozoli.com\/wp-content\/uploads\/2016\/12\/mario-schifano.jpg\",\"contentUrl\":\"https:\/\/fondazionedinozoli.com\/wp-content\/uploads\/2016\/12\/mario-schifano.jpg\",\"width\":532,\"height\":404,\"caption\":\"Mario Schifano - Fine delle trasmissioni\"},{\"@type\":\"BreadcrumbList\",\"@id\":\"https:\/\/fondazionedinozoli.com\/en\/mario-schifano-fine-delle-trasmissioni\/#breadcrumb\",\"itemListElement\":[{\"@type\":\"ListItem\",\"position\":1,\"name\":\"Home\",\"item\":\"https:\/\/fondazionedinozoli.com\/en\/\"},{\"@type\":\"ListItem\",\"position\":2,\"name\":\"Events and Exhibitions\",\"item\":\"https:\/\/fondazionedinozoli.com\/en\/category\/mostre-e-eventi-en\/\"},{\"@type\":\"ListItem\",\"position\":3,\"name\":\"Mario Schifano &#8211; Fine delle trasmissioni\"}]},{\"@type\":\"WebSite\",\"@id\":\"https:\/\/fondazionedinozoli.com\/#website\",\"url\":\"https:\/\/fondazionedinozoli.com\/\",\"name\":\"Fondazione Dino Zoli\",\"description\":\"Progetto di promozione della cultura italiana in patria e nel mondo\",\"potentialAction\":[{\"@type\":\"SearchAction\",\"target\":{\"@type\":\"EntryPoint\",\"urlTemplate\":\"https:\/\/fondazionedinozoli.com\/?s={search_term_string}\"},\"query-input\":{\"@type\":\"PropertyValueSpecification\",\"valueRequired\":true,\"valueName\":\"search_term_string\"}}],\"inLanguage\":\"en-US\"},{\"@type\":\"Person\",\"@id\":\"https:\/\/fondazionedinozoli.com\/#\/schema\/person\/4b3e06ba156c3321136f0bcfdc24b25b\",\"name\":\"hi-net\",\"image\":{\"@type\":\"ImageObject\",\"inLanguage\":\"en-US\",\"@id\":\"https:\/\/fondazionedinozoli.com\/#\/schema\/person\/image\/\",\"url\":\"https:\/\/secure.gravatar.com\/avatar\/bc5eae7b25ece761c9543fe355d1f5b178c135d6052dc1bd3ffcff50059739e2?s=96&d=mm&r=g\",\"contentUrl\":\"https:\/\/secure.gravatar.com\/avatar\/bc5eae7b25ece761c9543fe355d1f5b178c135d6052dc1bd3ffcff50059739e2?s=96&d=mm&r=g\",\"caption\":\"hi-net\"}}]}<\/script>\n<!-- \/ Yoast SEO plugin. -->","yoast_head_json":{"title":"Mario Schifano - Fine delle trasmissioni - Fondazione Dino Zoli","robots":{"index":"index","follow":"follow","max-snippet":"max-snippet:-1","max-image-preview":"max-image-preview:large","max-video-preview":"max-video-preview:-1"},"canonical":"https:\/\/fondazionedinozoli.com\/en\/mario-schifano-fine-delle-trasmissioni\/","og_locale":"en_US","og_type":"article","og_title":"Mario Schifano - Fine delle trasmissioni - Fondazione Dino Zoli","og_description":"Da Domenica 26 ottobre 2008 a Domenica 18 gennaio 2009 A cura di Marco Meneguzzo Forl\u00ec, 23 ottobre 2008 \u2013 Anni Settanta. Sbarca, anche in Italia, la televisione a colori. Mario Schifano ne \u00e8 subito suggestionato: l\u2019artista romano riversa su tela le immagini del tubo catodico, realizza film sperimentali, mescola new media e pittura, avviando [&hellip;]","og_url":"https:\/\/fondazionedinozoli.com\/en\/mario-schifano-fine-delle-trasmissioni\/","og_site_name":"Fondazione Dino Zoli","article_publisher":"https:\/\/www.facebook.com\/fondazionedinozoli","article_published_time":"2008-10-26T14:02:19+00:00","article_modified_time":"2019-09-17T16:02:14+00:00","og_image":[{"width":532,"height":404,"url":"https:\/\/fondazionedinozoli.com\/wp-content\/uploads\/2016\/12\/mario-schifano.jpg","type":"image\/jpeg"}],"author":"hi-net","twitter_card":"summary_large_image","twitter_creator":"@fondazionedz","twitter_site":"@fondazionedz","twitter_misc":{"Written by":"hi-net","Est. reading time":"4 minutes"},"schema":{"@context":"https:\/\/schema.org","@graph":[{"@type":"Article","@id":"https:\/\/fondazionedinozoli.com\/en\/mario-schifano-fine-delle-trasmissioni\/#article","isPartOf":{"@id":"https:\/\/fondazionedinozoli.com\/en\/mario-schifano-fine-delle-trasmissioni\/"},"author":{"name":"hi-net","@id":"https:\/\/fondazionedinozoli.com\/#\/schema\/person\/4b3e06ba156c3321136f0bcfdc24b25b"},"headline":"Mario Schifano &#8211; Fine delle trasmissioni","datePublished":"2008-10-26T14:02:19+00:00","dateModified":"2019-09-17T16:02:14+00:00","mainEntityOfPage":{"@id":"https:\/\/fondazionedinozoli.com\/en\/mario-schifano-fine-delle-trasmissioni\/"},"wordCount":894,"image":{"@id":"https:\/\/fondazionedinozoli.com\/en\/mario-schifano-fine-delle-trasmissioni\/#primaryimage"},"thumbnailUrl":"https:\/\/fondazionedinozoli.com\/wp-content\/uploads\/2016\/12\/mario-schifano.jpg","articleSection":["Events and Exhibitions","News"],"inLanguage":"en-US"},{"@type":"WebPage","@id":"https:\/\/fondazionedinozoli.com\/en\/mario-schifano-fine-delle-trasmissioni\/","url":"https:\/\/fondazionedinozoli.com\/en\/mario-schifano-fine-delle-trasmissioni\/","name":"Mario Schifano - Fine delle trasmissioni - Fondazione Dino Zoli","isPartOf":{"@id":"https:\/\/fondazionedinozoli.com\/#website"},"primaryImageOfPage":{"@id":"https:\/\/fondazionedinozoli.com\/en\/mario-schifano-fine-delle-trasmissioni\/#primaryimage"},"image":{"@id":"https:\/\/fondazionedinozoli.com\/en\/mario-schifano-fine-delle-trasmissioni\/#primaryimage"},"thumbnailUrl":"https:\/\/fondazionedinozoli.com\/wp-content\/uploads\/2016\/12\/mario-schifano.jpg","datePublished":"2008-10-26T14:02:19+00:00","dateModified":"2019-09-17T16:02:14+00:00","author":{"@id":"https:\/\/fondazionedinozoli.com\/#\/schema\/person\/4b3e06ba156c3321136f0bcfdc24b25b"},"breadcrumb":{"@id":"https:\/\/fondazionedinozoli.com\/en\/mario-schifano-fine-delle-trasmissioni\/#breadcrumb"},"inLanguage":"en-US","potentialAction":[{"@type":"ReadAction","target":["https:\/\/fondazionedinozoli.com\/en\/mario-schifano-fine-delle-trasmissioni\/"]}]},{"@type":"ImageObject","inLanguage":"en-US","@id":"https:\/\/fondazionedinozoli.com\/en\/mario-schifano-fine-delle-trasmissioni\/#primaryimage","url":"https:\/\/fondazionedinozoli.com\/wp-content\/uploads\/2016\/12\/mario-schifano.jpg","contentUrl":"https:\/\/fondazionedinozoli.com\/wp-content\/uploads\/2016\/12\/mario-schifano.jpg","width":532,"height":404,"caption":"Mario Schifano - Fine delle trasmissioni"},{"@type":"BreadcrumbList","@id":"https:\/\/fondazionedinozoli.com\/en\/mario-schifano-fine-delle-trasmissioni\/#breadcrumb","itemListElement":[{"@type":"ListItem","position":1,"name":"Home","item":"https:\/\/fondazionedinozoli.com\/en\/"},{"@type":"ListItem","position":2,"name":"Events and Exhibitions","item":"https:\/\/fondazionedinozoli.com\/en\/category\/mostre-e-eventi-en\/"},{"@type":"ListItem","position":3,"name":"Mario Schifano &#8211; Fine delle trasmissioni"}]},{"@type":"WebSite","@id":"https:\/\/fondazionedinozoli.com\/#website","url":"https:\/\/fondazionedinozoli.com\/","name":"Fondazione Dino Zoli","description":"Progetto di promozione della cultura italiana in patria e nel mondo","potentialAction":[{"@type":"SearchAction","target":{"@type":"EntryPoint","urlTemplate":"https:\/\/fondazionedinozoli.com\/?s={search_term_string}"},"query-input":{"@type":"PropertyValueSpecification","valueRequired":true,"valueName":"search_term_string"}}],"inLanguage":"en-US"},{"@type":"Person","@id":"https:\/\/fondazionedinozoli.com\/#\/schema\/person\/4b3e06ba156c3321136f0bcfdc24b25b","name":"hi-net","image":{"@type":"ImageObject","inLanguage":"en-US","@id":"https:\/\/fondazionedinozoli.com\/#\/schema\/person\/image\/","url":"https:\/\/secure.gravatar.com\/avatar\/bc5eae7b25ece761c9543fe355d1f5b178c135d6052dc1bd3ffcff50059739e2?s=96&d=mm&r=g","contentUrl":"https:\/\/secure.gravatar.com\/avatar\/bc5eae7b25ece761c9543fe355d1f5b178c135d6052dc1bd3ffcff50059739e2?s=96&d=mm&r=g","caption":"hi-net"}}]}},"_links":{"self":[{"href":"https:\/\/fondazionedinozoli.com\/en\/wp-json\/wp\/v2\/posts\/673","targetHints":{"allow":["GET"]}}],"collection":[{"href":"https:\/\/fondazionedinozoli.com\/en\/wp-json\/wp\/v2\/posts"}],"about":[{"href":"https:\/\/fondazionedinozoli.com\/en\/wp-json\/wp\/v2\/types\/post"}],"author":[{"embeddable":true,"href":"https:\/\/fondazionedinozoli.com\/en\/wp-json\/wp\/v2\/users\/5"}],"replies":[{"embeddable":true,"href":"https:\/\/fondazionedinozoli.com\/en\/wp-json\/wp\/v2\/comments?post=673"}],"version-history":[{"count":1,"href":"https:\/\/fondazionedinozoli.com\/en\/wp-json\/wp\/v2\/posts\/673\/revisions"}],"predecessor-version":[{"id":679,"href":"https:\/\/fondazionedinozoli.com\/en\/wp-json\/wp\/v2\/posts\/673\/revisions\/679"}],"wp:featuredmedia":[{"embeddable":true,"href":"https:\/\/fondazionedinozoli.com\/en\/wp-json\/wp\/v2\/media\/199"}],"wp:attachment":[{"href":"https:\/\/fondazionedinozoli.com\/en\/wp-json\/wp\/v2\/media?parent=673"}],"wp:term":[{"taxonomy":"category","embeddable":true,"href":"https:\/\/fondazionedinozoli.com\/en\/wp-json\/wp\/v2\/categories?post=673"},{"taxonomy":"post_tag","embeddable":true,"href":"https:\/\/fondazionedinozoli.com\/en\/wp-json\/wp\/v2\/tags?post=673"}],"curies":[{"name":"wp","href":"https:\/\/api.w.org\/{rel}","templated":true}]}}